{"id":74638,"date":"2018-06-04T13:23:42","date_gmt":"2018-06-04T13:23:42","guid":{"rendered":"http:\/\/marleypropertiesmarbella.com\/?p=74638"},"modified":"2018-06-04T13:23:42","modified_gmt":"2018-06-04T13:23:42","slug":"world-padel-tour-mijas-costa-del-sol-bastad","status":"publish","type":"post","link":"https:\/\/marleypropertiesmarbella.com\/sv\/world-padel-tour-mijas-costa-del-sol-bastad\/","title":{"rendered":"World Padel Tour &#8211; Mijas &#038; B\u00e5stad."},"content":{"rendered":"<div class=\"\" data-block=\"true\" data-editor=\"527c\" data-offset-key=\"fani3-0-0\"><\/div>\n<div class=\"\" data-block=\"true\" data-editor=\"527c\" data-offset-key=\"coqns-0-0\">\n<div data-offset-key=\"coqns-0-0\">Det blir en h\u00e4rlig sommar f\u00f6r den sportintresserade. F\u00f6rst fotbolls VM och sedan padel tennis!<\/div>\n<div class=\"_1mf _1mj\" data-offset-key=\"coqns-0-0\">I sommar kommer v\u00e4rldstouren i padeltennis till b\u00e5de Mijas och B\u00e5stad. Precis som ifjol kommer en t\u00e4vling som ing\u00e5r i World Padel Tour att spelas i Mijas p\u00e5 Costa del Sol. T\u00e4vlingen heter Cerveza Victoria Mijas Open 2018 och kommer att g\u00e5 av stapeln den 5-12 Augusti.<br \/>\nSpelplats blir mitt i byn, plaza Virgen de la Pe\u00f1a, d\u00e4r provisoriska banor kommer att anl\u00e4ggas. T\u00e4vlingen i Mijas blev mycket uppskattad ifjol. Med l\u00e4get mellan hav och berg trivdes b\u00e5de spelare och publik.<br \/>\nF\u00f6rutom den tidigare v\u00e4rldsettan, svensk-spanska Carolina Navarro Bj\u00f6rk, kommer \u00e4ven flera lokala spelare som Beatriz Gonz\u00e1lez, \u00c1lex Ruiz och Maricarmen Villalaba att delta.<br \/>\nDet blir en unik &#8221;Tennisvecka&#8221; i B\u00e5stad denna sommar, d\u00e5 detta blir det f\u00f6rsta \u00e5ret som det f\u00f6rutom tennis \u00e4ven kommer spelas padeltennis.\u00a0Den popul\u00e4ra badorten f\u00e5r historiens f\u00f6rsta Open-t\u00e4vling i norra Europa.\u00a0 T\u00e4vlingen \u00e4ger rum\u00a0den 24 till 29 juli. Det var \u00e4ven i B\u00e5stad som Sveriges f\u00f6rsta padelbana sattes upp f\u00f6r tio \u00e5r sedan.<\/div>\n<div class=\"_1mf _1mj\" data-offset-key=\"coqns-0-0\">Se datum f\u00f6r turneringarna p\u00e5 l\u00e4nken nedan.<\/div>\n<\/div>\n<p>Mijas, Costa del Sol:\u00a0<a href=\"https:\/\/www.worldpadeltour.com\/en\/tournaments\/cerveza-victoria-mijas-open-2018\/2018\/\">https:\/\/www.worldpadeltour.com\/en\/tournaments\/cerveza-victoria-mijas-open-2018\/2018\/<\/a><\/p>\n<p>B\u00e5stad: <a href=\"https:\/\/www.worldpadeltour.com\/torneos\/swedish-padel-open-2018\/2018\/\">https:\/\/www.worldpadeltour.com\/torneos\/swedish-padel-open-2018\/2018\/\u00a0<\/a><\/p>\n<p>Vi p\u00e5 Marley Properties Marbella kommer att \u00e5tminstonde vara p\u00e5 plats f\u00f6r att se World Padel Tour turneringen i Mijas h\u00e4r p\u00e5 Costa del Sol. Bra padel och bra v\u00e4der, hoppas vi ses d\u00e4r! \ud83d\ude42<\/p>\n<p>H\u00e4r \u00e4r n\u00e5gra bilder fr\u00e5n World Padel Tour turneringen Cerveza Victoria Open 2017.<\/p>\n<p><img loading=\"lazy\" decoding=\"async\" class=\"alignnone size-medium wp-image-74639\" src=\"https:\/\/marleypropertiesmarbella.com\/wp-content\/uploads\/2018\/06\/f32d70b88c03494ec9971d341e9a73ca-300x225.jpg\" alt=\"\" width=\"300\" height=\"225\" srcset=\"https:\/\/marleypropertiesmarbella.com\/wp-content\/uploads\/2018\/06\/f32d70b88c03494ec9971d341e9a73ca-300x225.jpg 300w, https:\/\/marleypropertiesmarbella.com\/wp-content\/uploads\/2018\/06\/f32d70b88c03494ec9971d341e9a73ca-768x576.jpg 768w, https:\/\/marleypropertiesmarbella.com\/wp-content\/uploads\/2018\/06\/f32d70b88c03494ec9971d341e9a73ca-610x458.jpg 610w, https:\/\/marleypropertiesmarbella.com\/wp-content\/uploads\/2018\/06\/f32d70b88c03494ec9971d341e9a73ca-510x382.jpg 510w, https:\/\/marleypropertiesmarbella.com\/wp-content\/uploads\/2018\/06\/f32d70b88c03494ec9971d341e9a73ca.jpg 1008w\" sizes=\"(max-width: 300px) 100vw, 300px\" \/> <img loading=\"lazy\" decoding=\"async\" class=\"alignnone size-medium wp-image-74640\" src=\"https:\/\/marleypropertiesmarbella.com\/wp-content\/uploads\/2018\/06\/mijas-open-300x188.jpg\" alt=\"\" width=\"300\" height=\"188\" srcset=\"https:\/\/marleypropertiesmarbella.com\/wp-content\/uploads\/2018\/06\/mijas-open-300x188.jpg 300w, https:\/\/marleypropertiesmarbella.com\/wp-content\/uploads\/2018\/06\/mijas-open-768x480.jpg 768w, https:\/\/marleypropertiesmarbella.com\/wp-content\/uploads\/2018\/06\/mijas-open-610x381.jpg 610w, https:\/\/marleypropertiesmarbella.com\/wp-content\/uploads\/2018\/06\/mijas-open-400x250.jpg 400w, https:\/\/marleypropertiesmarbella.com\/wp-content\/uploads\/2018\/06\/mijas-open.jpg 800w\" sizes=\"(max-width: 300px) 100vw, 300px\" \/><\/p>\n","protected":false},"excerpt":{"rendered":"<p>Det blir en h\u00e4rlig sommar f\u00f6r den sportintresserade. F\u00f6rst fotbolls VM och sedan padel tennis! I sommar kommer v\u00e4rldstouren i padeltennis till b\u00e5de Mijas och B\u00e5stad. Precis som ifjol kommer en t\u00e4vling som ing\u00e5r i World Padel Tour att spelas i Mijas p\u00e5 Costa del Sol. T\u00e4vlingen heter Cerveza Victoria Mijas Open 2018 och kommer [&hellip;]<\/p>\n","protected":false},"author":5,"featured_media":0,"comment_status":"open","ping_status":"open","sticky":false,"template":"","format":"standard","meta":{"_acf_changed":false,"_et_pb_use_builder":"","_et_pb_old_content":"","_et_gb_content_width":"","footnotes":""},"categories":[404],"tags":[],"class_list":["post-74638","post","type-post","status-publish","format-standard","hentry","category-okategoriserad"],"acf":[],"_links":{"self":[{"href":"https:\/\/marleypropertiesmarbella.com\/sv\/wp-json\/wp\/v2\/posts\/74638","targetHints":{"allow":["GET"]}}],"collection":[{"href":"https:\/\/marleypropertiesmarbella.com\/sv\/wp-json\/wp\/v2\/posts"}],"about":[{"href":"https:\/\/marleypropertiesmarbella.com\/sv\/wp-json\/wp\/v2\/types\/post"}],"author":[{"embeddable":true,"href":"https:\/\/marleypropertiesmarbella.com\/sv\/wp-json\/wp\/v2\/users\/5"}],"replies":[{"embeddable":true,"href":"https:\/\/marleypropertiesmarbella.com\/sv\/wp-json\/wp\/v2\/comments?post=74638"}],"version-history":[{"count":1,"href":"https:\/\/marleypropertiesmarbella.com\/sv\/wp-json\/wp\/v2\/posts\/74638\/revisions"}],"predecessor-version":[{"id":74641,"href":"https:\/\/marleypropertiesmarbella.com\/sv\/wp-json\/wp\/v2\/posts\/74638\/revisions\/74641"}],"wp:attachment":[{"href":"https:\/\/marleypropertiesmarbella.com\/sv\/wp-json\/wp\/v2\/media?parent=74638"}],"wp:term":[{"taxonomy":"category","embeddable":true,"href":"https:\/\/marleypropertiesmarbella.com\/sv\/wp-json\/wp\/v2\/categories?post=74638"},{"taxonomy":"post_tag","embeddable":true,"href":"https:\/\/marleypropertiesmarbella.com\/sv\/wp-json\/wp\/v2\/tags?post=74638"}],"curies":[{"name":"wp","href":"https:\/\/api.w.org\/{rel}","templated":true}]}}